{"id":566,"date":"2026-03-30T20:57:59","date_gmt":"2026-03-30T18:57:59","guid":{"rendered":"https:\/\/osezpantin.fr\/?p=566"},"modified":"2026-03-30T20:57:59","modified_gmt":"2026-03-30T18:57:59","slug":"declaration-de-mathieu-monot-conseil-dinstallation","status":"publish","type":"post","link":"https:\/\/osezpantin.fr\/index.php\/declaration-de-mathieu-monot-conseil-dinstallation\/","title":{"rendered":"D\u00e9claration de Mathieu Monot &#8211; Conseil d&rsquo;installation"},"content":{"rendered":"\n<p>Monsieur le Pr\u00e9sident doyen d\u2019\u00e2ge,<\/p>\n\n\n\n<p>Mesdames et Messieurs les conseill\u00e8res et conseillers municipaux,<\/p>\n\n\n\n<p>Mesdames et Messieurs,<\/p>\n\n\n\n<p class=\"has-text-align-justify has-text-align-justify\">Au nom du groupe Osez Pantin, je veux adresser \u00e0 la majorit\u00e9 nos f\u00e9licitations r\u00e9publicaines. Vous avez obtenu au second tour suffisamment de suffrages pour emporter la prime majoritaire et si\u00e9ger en nombre dans ce conseil. C&rsquo;est la r\u00e8gle du jeu d\u00e9mocratique. Mais cette r\u00e8gle du jeu, pr\u00e9cis\u00e9ment, n&rsquo;est pas faite pour masquer des r\u00e9alit\u00e9s : elle est faite pour nous obliger \u00e0 les regarder en face.<\/p>\n\n\n\n<p class=\"has-text-align-justify has-text-align-justify\">Alors regardons-les. Au second tour, dimanche, 57,9% des Pantinois\u00b7es qui se sont exprim\u00e9s ont vot\u00e9 pour une liste autre que la v\u00f4tre. Ce conseil municipal est compos\u00e9 d\u2019une majorit\u00e9 institutionnelle qui est minoritaire dans la ville. Cela oblige. Cela oblige dans le rapport \u00e0 la population, dans le rapport aux agents de la ville, dans le rapport \u00e0 l&rsquo;opposition que nous formerons ici.<\/p>\n\n\n\n<p class=\"has-text-align-justify has-text-align-justify\">Il y a une donn\u00e9e que je veux mettre sur la table, parce qu&rsquo;elle \u00e9claire, au-del\u00e0 des r\u00e8gles de notre mode de scrutin, ce que repr\u00e9sente chaque si\u00e8ge dans cette salle.<\/p>\n\n\n\n<p class=\"has-text-align-justify has-text-align-justify\">Et cet \u00e9clairage nous est n\u00e9cessaire, \u00e0 toutes et tous, au lendemain de cette nouvelle \u00e9lection municipale, et alors que s&rsquo;ouvre aujourd&rsquo;hui une nouvelle \u00e8re de gouvernance pour Pantin. Avec 6 087 voix et 36 si\u00e8ges, chaque \u00e9lu de la majorit\u00e9 repr\u00e9sente en moyenne 169 \u00e9lectrices et \u00e9lecteurs. Avec 3 281 voix et 5 si\u00e8ges, chaque \u00e9lu d&rsquo;Osez Pantin en repr\u00e9sente 656 \u2014 soit pr\u00e8s de quatre fois plus.<\/p>\n\n\n\n<p class=\"has-text-align-justify has-text-align-justify\">La prime majoritaire a sa logique, celle de la gouvernabilit\u00e9. Mais elle cr\u00e9e une asym\u00e9trie que les \u00e9lus de la majorit\u00e9 doivent garder \u00e0 l&rsquo;esprit : leur l\u00e9gitimit\u00e9 institutionnelle est r\u00e9elle, mais le poids d\u00e9mocratique de chaque voix dans l&rsquo;opposition est bien plus lourd que la r\u00e9partition des si\u00e8ges ne le laisse croire.<\/p>\n\n\n\n<p class=\"has-text-align-justify has-text-align-justify\">Il y a ensuite une trajectoire que l&rsquo;on ne peut pas ignorer. En 2008, Monsieur le Maire sortant, vous \u00e9tiez \u00e9lu d\u00e8s le premier tour. En 2014, premier tour \u00e9galement. En 2020, premier tour encore, avec 57,6% des suffrages exprim\u00e9s. Trois mandats cons\u00e9cutifs sans que les Pantinois\u00b7es aient besoin d&rsquo;un second tour pour trancher. Dimanche 15 mars, vous obtenez 39,6%. Pour la premi\u00e8re fois depuis votre \u00e9lection en 2001, la ville vous a dit : nous ne sommes plus s\u00fbrs, nous voulons r\u00e9fl\u00e9chir encore. Pour la premi\u00e8re fois depuis vingt-cinq ans, un second tour a eu lieu \u00e0 Pantin. Et pour la premi\u00e8re fois, vous ne disposez plus d&rsquo;une majorit\u00e9 dans la ville au sens r\u00e9el du terme.<\/p>\n\n\n\n<p class=\"has-text-align-justify has-text-align-justify\">Cette trajectoire n&rsquo;est pas un d\u00e9tail. C&rsquo;est une injonction \u00e0 l&rsquo;humilit\u00e9, au changement de m\u00e9thode, \u00e0 une autre fa\u00e7on d&rsquo;habiter le pouvoir. Et c&rsquo;est \u00e0 cette injonction que vous aurez \u00e0 r\u00e9pondre, s\u00e9ance apr\u00e8s s\u00e9ance, dans cette salle.<\/p>\n\n\n\n<p class=\"has-text-align-justify has-text-align-justify\">Mais il y a une autre r\u00e9alit\u00e9, plus silencieuse, et plus pr\u00e9occupante. 49,35% d\u2019abstention : c\u2019est pr\u00e8s d\u2019un Pantinois sur deux qui ne s\u2019est pas d\u00e9plac\u00e9 pour voter au second tour. C\u2019est davantage qu\u2019au premier tour, et c\u2019est un niveau de participation qui, \u00e9lection apr\u00e8s \u00e9lection, s\u2019\u00e9rode. Dans un territoire comme le n\u00f4tre, en Seine-Saint-Denis, o\u00f9 la participation est d\u00e9j\u00e0 plus faible que la moyenne nationale, ce chiffre ne peut pas \u00eatre relativis\u00e9. Il doit \u00eatre regard\u00e9 pour ce qu\u2019il est : un signal d\u2019alerte d\u00e9mocratique. Parce qu\u2019une d\u00e9mocratie sans participation est une d\u00e9mocratie priv\u00e9e d\u2019oxyg\u00e8ne.<\/p>\n\n\n\n<p>Et sans oxyg\u00e8ne, aucun syst\u00e8me ne tient sainement. L\u2019abstention n\u2019est jamais neutre : elle dit une distance, une d\u00e9fiance. Elle dit aussi, parfois, le sentiment que les r\u00e8gles du jeu sont \u00e9crites sans celles et ceux qui devraient en \u00eatre les premiers auteurs.<\/p>\n\n\n\n<p class=\"has-text-align-justify has-text-align-justify\">Pendant cette campagne, nous avons rencontr\u00e9 des Pantinoises et des Pantinois qui, pour certains, n\u2019avaient jamais vot\u00e9 auparavant. Non pas par d\u00e9sint\u00e9r\u00eat, mais parce qu\u2019ils ne se sentaient ni \u00e9cout\u00e9s, ni attendus, ni consid\u00e9r\u00e9s.<\/p>\n\n\n\n<p class=\"has-text-align-justify has-text-align-justify\">C\u2019est l\u00e0 un enjeu majeur du mandat qui s\u2019ouvre. La participation, c\u2019est le poumon de la d\u00e9mocratie locale. Et ce poumon, aujourd\u2019hui, est fragilis\u00e9. Le faire respirer \u00e0 nouveau pleinement est une responsabilit\u00e9 collective et urgente, qui nous engage toutes et tous dans cette salle. Mais cela engage, au premier chef, la majorit\u00e9 que vous incarnez aujourd\u2019hui.<\/p>\n\n\n\n<p class=\"has-text-align-justify has-text-align-justify\">C\u2019est une question de l\u00e9gitimit\u00e9, parce qu\u2019un territoire o\u00f9 une personne sur deux ne vote pas fragilise n\u00e9cessairement le fondement m\u00eame de celles et ceux qui d\u00e9cident. C\u2019est une question de cr\u00e9dibilit\u00e9, parce qu\u2019une parole publique port\u00e9e dans ces conditions peine \u00e0 convaincre qu\u2019elle s\u2019adresse r\u00e9ellement \u00e0 toutes et tous. C\u2019est une question de coh\u00e9rence, parce que nous ne pouvons pas pr\u00e9tendre faire vivre une d\u00e9mocratie partag\u00e9e si pr\u00e8s d\u2019un habitant sur deux reste \u00e0 l\u2019\u00e9cart de son exercice.<\/p>\n\n\n\n<p class=\"has-text-align-justify has-text-align-justify\">Nous prendrons toute notre part dans cet effort. Et nous serons, ici, des d\u00e9fenseurs attentifs et exigeants de cette d\u00e9mocratie vivante, constante, et r\u00e9ellement partag\u00e9e.<\/p>\n\n\n\n<p class=\"has-text-align-justify has-text-align-justify\">Je veux dire maintenant pourquoi nous \u00e9tions face \u00e0 vous dans cette campagne, parce que cela conditionne la fa\u00e7on dont nous si\u00e9gerons ici. Nous avons une analyse de Pantin qui diff\u00e8re profond\u00e9ment de la v\u00f4tre. Vous aimez parler d&rsquo;une ville qui rayonne, qui attire, qui se transforme. Nous aussi, nous aimons cette ville \u2014 profond\u00e9ment. Mais nous refusons d&rsquo;en faire du marketing territorial.<\/p>\n\n\n\n<p class=\"has-text-align-justify has-text-align-justify\">Parce que Pantin, c&rsquo;est aussi une ville o\u00f9 un tiers des habitants vit sous le seuil de pauvret\u00e9 \u2014 le double de la moyenne nationale. Parce que Pantin, ce sont plusieurs villes qui cohabitent c\u00f4te \u00e0 c\u00f4te sans vraiment se parler : les quartiers bien reli\u00e9s et ceux qui se sentent \u00e0 la marge. Dans une m\u00eame rue, vous avez la s\u00e9r\u00e9nit\u00e9 de celles et ceux qui vont bien, et l&rsquo;inqui\u00e9tude de celles et ceux pour lesquels la fin du mois est un probl\u00e8me. Presque la moiti\u00e9 des habitants de la ville &#8211; des Quatre-Chemins aux Limites, du Haut-Pantin aux Courtili\u00e8res &#8211; a le sentiment de vivre en dehors du d\u00e9veloppement de la ville.<\/p>\n\n\n\n<p class=\"has-text-align-justify has-text-align-justify\">Poser ce diagnostic avec honn\u00eatet\u00e9, c&rsquo;est d\u00e9j\u00e0 faire de la politique autrement. C&rsquo;est ce que nous ferons ici.<\/p>\n\n\n\n<p class=\"has-text-align-justify has-text-align-justify\">Vous \u00eates \u00e0 la t\u00eate de cette ville depuis 2001. Avec ce mandat de sept ans qui s&rsquo;ouvre, c&rsquo;est trente-deux ans aux responsabilit\u00e9s que Pantin pourrait conna\u00eetre sous la direction d&rsquo;une seule et m\u00eame personne.<\/p>\n\n\n\n<p class=\"has-text-align-justify has-text-align-justify\">Trente-deux ans, Monsieur le Maire sortant. Et je vous rappelle que vous aviez vous-m\u00eame annonc\u00e9 en 2020 que ce mandat serait le dernier. Ce n&rsquo;est pas notre conception de ce que doit \u00eatre la vie d\u00e9mocratique locale.<\/p>\n\n\n\n<p class=\"has-text-align-justify has-text-align-justify\">Regardez Paris : en vingt-cinq ans, Bertrand Delano\u00eb, puis Anne Hidalgo, et demain Emmanuel Gr\u00e9goire, auront chacun port\u00e9 une vision, une \u00e9quipe, une m\u00e9thode.<\/p>\n\n\n\n<p>La ville a chang\u00e9 parce que les regards ont chang\u00e9. C&rsquo;est cela, la d\u00e9mocratie locale : une succession d&rsquo;\u00e9lans, pas une continuit\u00e9 fig\u00e9e. Une ville a besoin de renouvellement, de confrontation d&rsquo;id\u00e9es.<\/p>\n\n\n\n<p class=\"has-text-align-justify has-text-align-justify\">Sans cela, l\u2019exercice du pouvoir sur trois d\u00e9cennies conduit irr\u00e9m\u00e9diablement \u00e0 se convaincre que l\u2019on sait mieux que personne ce qui est bon pour la ville, que l\u2019on sait mieux que les Pantinois eux-m\u00eames ce qui est bon pour chacun.<\/p>\n\n\n\n<p class=\"has-text-align-justify has-text-align-justify\">Nous avons pr\u00e9sent\u00e9 cette liste aussi parce que nous ne pouvions plus accepter cela : une logique quasi-patrimoniale du pouvoir, l&rsquo;impression persistante que la ville appartient \u00e0 ceux qui la gouvernent plut\u00f4t qu&rsquo;\u00e0 celles et ceux qui l&rsquo;habitent. Ces pratiques ab\u00eement la confiance. Elles creusent le foss\u00e9 entre les habitant\u00b7es et leurs repr\u00e9sentant\u00b7es. Et elles ne sont pas dignes d&rsquo;une gauche qui se r\u00e9clame de l&rsquo;\u00e9galit\u00e9 et de la transparence.<\/p>\n\n\n\n<p class=\"has-text-align-justify has-text-align-justify\">Et si nous avons maintenu notre liste \u2014 et si les Pantinois\u00b7es nous ont maintenu leur confiance au second tour \u2014 c&rsquo;est pr\u00e9cis\u00e9ment parce que nous n&rsquo;\u00e9tions pas une simple continuit\u00e9 avec une tonalit\u00e9 diff\u00e9rente.<\/p>\n\n\n\n<p class=\"has-text-align-justify has-text-align-justify\">Nos \u00e9lectrices et nos \u00e9lecteurs voulaient une rupture avec l&rsquo;ordre \u00e9tabli dans cette ville, pas un changement de visage \u00e0 la marge. C&rsquo;est ce que disaient leurs voix. C&rsquo;est ce que nous porterons ici.<\/p>\n\n\n\n<p class=\"has-text-align-justify has-text-align-justify\">Je veux dire un mot sur le choix qui a \u00e9t\u00e9 fait par la liste \u00ab Faire mieux pour Pantin \u00bb de se maintenir au second tour. \u00c0 gauche, au soir du premier tour, plus de 7 000 \u00e9lectrices et \u00e9lecteurs avaient vot\u00e9 pour le changement, contre 5 900 pour le Maire sortant. L&rsquo;aspiration \u00e0 changer de cycle \u00e9tait majoritaire dans notre propre camp. Nous avons tendu la main pour unir ces forces. Cette main a \u00e9t\u00e9 refus\u00e9e et nous le regrettons.<\/p>\n\n\n\n<p class=\"has-text-align-justify has-text-align-justify\">Je ne dis pas cela ce matin pour alimenter un ressentiment, mais pour nommer une responsabilit\u00e9 collective. Cette d\u00e9cision a un co\u00fbt, et ce co\u00fbt nous le connaissons d\u00e9sormais : laisser continuer pendant sept ann\u00e9es suppl\u00e9mentaires une vision de la ville et une mani\u00e8re de faire pour laquelle nous aspirions les uns et les autres \u00e0 ce qu\u2019elles changent.<\/p>\n\n\n\n<p class=\"has-text-align-justify has-text-align-justify\">Je veux maintenant saluer quelque chose qui, dans cette campagne, nous a profond\u00e9ment r\u00e9joui. Sur chacune des listes en pr\u00e9sence, des jeunes ont choisi de s&rsquo;engager, de donner de leur temps, de leur \u00e9nergie, de leur foi dans la politique, \u00e0 une \u00e9poque o\u00f9 beaucoup leur expliquent que \u00e7a ne sert \u00e0 rien. \u00c0 toutes ces jeunes femmes et ces jeunes hommes, quelle que soit la liste qu&rsquo;ils et elles ont port\u00e9e, nous leur disons merci et bravo. Et je veux adresser un clin d&rsquo;\u0153il tout particulier aux jeunes d&rsquo;OsezPantin, \u00e0 celles et ceux qui ont distribu\u00e9 des tracts dans le froid, frapp\u00e9 aux portes, tenu les tables sur les march\u00e9s, anim\u00e9 nos r\u00e9unions publiques avec une \u00e9nergie que rien n&rsquo;entamait. Ils sont l&rsquo;avenir politique de cette ville. Nous les reverrons.<\/p>\n\n\n\n<p class=\"has-text-align-justify has-text-align-justify\">Je veux enfin saluer les forces politiques et citoyennes qui ont rendu notre aventure possible : le Parti socialiste, le Parti communiste fran\u00e7ais, L\u2019Apr\u00e8s, Debout !, ainsi que toutes celles et ceux qui s\u2019y sont engag\u00e9s. Nous avons port\u00e9 ensemble le rassemblement historique, d\u00e8s le premier tour de ces \u00e9lections, d\u2019une gauche sociale, \u00e9cologique et citoyenne, qui a port\u00e9 l\u2019ambition d\u2019adresser chaque rue, chaque quartier de notre ville.<\/p>\n\n\n\n<p class=\"has-text-align-justify has-text-align-justify\">Et celles et ceux qui si\u00e8gent aujourd\u2019hui ici en sont le reflet. Leila Slimane, Bruno Carr\u00e8re, Hawa Tour\u00e9, Samir Amziane. Ils incarnent cette alliance dans ce qu\u2019elle a de plus fertile et pr\u00e9cieux : des parcours diff\u00e9rents, des cultures politiques diff\u00e9rentes, une m\u00eame exigence et une m\u00eame volont\u00e9 de faire autrement. Je veux les remercier pour leur engagement, pour leur solidit\u00e9, pour ce qu\u2019ils ont d\u00e9j\u00e0 port\u00e9 &#8211; et pour ce qu\u2019ils continueront \u00e0 porter ici. Ils ont os\u00e9, et continueront d\u2019oser, au service des Pantinois\u00b7es.<\/p>\n\n\n\n<p><\/p>\n\n\n\n<p>Chers coll\u00e8gues, <\/p>\n\n\n\n<p class=\"has-text-align-justify has-text-align-justify\">Nous ne pr\u00e9senterons pas de candidat face \u00e0 celui ou \u00e0 celle que la majorit\u00e9 d\u00e9signera comme maire. C&rsquo;est notre choix r\u00e9publicain, clair et assum\u00e9.<\/p>\n\n\n\n<p class=\"has-text-align-justify has-text-align-justify\">En revanche, nous serons une opposition. Exemplaire. Rigoureuse. Intransigeante sur les principes. Nous exercerons chacun des droits que la loi nous reconna\u00eet, et nous en userons pleinement.<\/p>\n\n\n\n<p class=\"has-text-align-justify has-text-align-justify\">Le d\u00e9bat que vous avez refus\u00e9 aux Pantinois\u00b7es entre les deux tours, Monsieur le Maire sortant, vous l&rsquo;aurez dans cette salle. Nous veillerons \u00e0 ce que les s\u00e9ances du conseil municipal soient plus nombreuses, plus r\u00e9guli\u00e8res, plus substantielles que ces derni\u00e8res ann\u00e9es. Mais ces d\u00e9bats ne doivent pas seulement exister : ils doivent \u00eatre vus, compris, partag\u00e9s. Nous porterons l\u2019exigence d\u2019un conseil municipal plus ouvert et plus lisible &#8211; o\u00f9 chacune et chacun puisse savoir, suivre, et s\u2019approprier les d\u00e9cisions qui engagent la vie de la ville. La d\u00e9mocratie locale ne se nourrit ni du silence entre deux scrutins, ni de l\u2019opacit\u00e9.<\/p>\n\n\n\n<p class=\"has-text-align-justify has-text-align-justify\">Elle se nourrit de d\u00e9bats visibles, assum\u00e9s, et pleinement accessibles \u00e0 toutes et tous. Vous le devez aux Pantinois, au nom de qui et pour qui nous si\u00e9geons collectivement : il est temps !<\/p>\n\n\n\n<p class=\"has-text-align-justify has-text-align-justify\">Nous serons aussi vigilants sur l&rsquo;usage de l&rsquo;argent public. Chaque budget, chaque march\u00e9, chaque subvention devra se justifier devant les Pantinois\u00b7es. Nous regarderons avec une attention particuli\u00e8re les attributions de toutes natures \u2014 logements, places en cr\u00e8che, aides municipales \u2014 leur fonctionnement, leurs crit\u00e8res, leur transparence, et pour lesquelles nous appelons plus que jamais \u00e0 l\u2019anonymisation. <\/p>\n\n\n\n<p class=\"has-text-align-justify has-text-align-justify\">Nous poserons des questions. Nous r\u00e9clamerons des documents, en exigeant que ceux-ci soient mis \u00e0 disposition de l\u2019ensemble de nos concitoyens. <\/p>\n\n\n\n<p class=\"has-text-align-justify has-text-align-justify\">Nous publierons nos analyses. Et puisque votre liste a annonc\u00e9 durant la campagne qu\u2019elle a sign\u00e9 la charte de Transparency International, nous serons attentifs \u00e0 ce que cette annonce soit suivie d\u2019effets. <\/p>\n\n\n\n<p class=\"has-text-align-justify has-text-align-justify\">Nous serons vigilants sur le traitement des agents de la ville. Celles et ceux qui font vivre les services publics pantinois m\u00e9ritent respect, consid\u00e9ration et conditions de travail dignes. Des agents bien trait\u00e9s, \u00e9cout\u00e9s, reconnus, c&rsquo;est un service public \u00e0 la hauteur de celles et ceux qui en ont le plus besoin. <\/p>\n\n\n\n<p class=\"has-text-align-justify has-text-align-justify\">Nous veillerons \u00e0 ce que cet H\u00f4tel de Ville soit un employeur exemplaire.<\/p>\n\n\n\n<p class=\"has-text-align-justify has-text-align-justify\">Nous serons vigilants sur l&rsquo;utilisation de la communication municipale. Le journal de la ville, le site de la mairie, les r\u00e9seaux officiels appartiennent \u00e0 toutes les Pantinois\u00b7es. Ils n&rsquo;ont pas vocation \u00e0 servir de tribune partisane ni de vitrine \u00e9lectorale. Nous veillerons au respect de cette r\u00e8gle fondamentale en utilisant tous les moyens \u00e0 notre disposition \u00e0 chaque fois que cela sera n\u00e9cessaire.<\/p>\n\n\n\n<p class=\"has-text-align-justify has-text-align-justify\">Sur le fond, nous porterons dans ce conseil les engagements que nous avons construits avec les habitant\u00b7es, quartier par quartier, pendant des mois. Nous nous battrons pour l&rsquo;\u00e9thique et la transparence : anonymisation des demandes de logement social et de cr\u00e8che, publication des donn\u00e9es budg\u00e9taires, fin des logiques d&rsquo;entre-soi. Nous nous battrons pour les \u00e9coles et la petite enfance, pour le logement abordable et l&rsquo;encadrement effectif des loyers, pour les plus fragiles, pour une ville f\u00e9ministe et antiraciste, attach\u00e9e \u00e0 toutes ses fiert\u00e9s. Et nous nous battrons pour une d\u00e9mocratie locale vivante, qui associe les habitant\u00b7es aux d\u00e9cisions qui les concernent, qui partage le pouvoir au lieu de le conserver.<\/p>\n\n\n\n<p class=\"has-text-align-justify has-text-align-justify\">Nous avons perdu cette \u00e9lection. Mais nous n&rsquo;abandonnons rien de ce qui nous a conduits \u00e0 la mener.<\/p>\n\n\n\n<p class=\"has-text-align-justify has-text-align-justify\">Les milliers de Pantinois\u00b7es qui nous ont accord\u00e9 leur confiance ne disparaissent pas avec les r\u00e9sultats du second tour. Ils nous regardent ce matin. Ils attendent de nous la m\u00eame exigence, la m\u00eame d\u00e9termination, la m\u00eame fiert\u00e9 que pendant cette campagne.<\/p>\n\n\n\n<p>Osez Pantin ne s&rsquo;arr\u00eate pas ce matin. Il commence autrement, ici, dans cette salle.<\/p>\n","protected":false},"excerpt":{"rendered":"<p>Monsieur le Pr\u00e9sident doyen d\u2019\u00e2ge, Mesdames et Messieurs les conseill\u00e8res et conseillers municipaux, Mesdames et Messieurs, Au nom du groupe Osez Pantin, je veux adresser \u00e0 la majorit\u00e9 nos f\u00e9licitations&#8230; <a href=\"https:\/\/osezpantin.fr\/index.php\/declaration-de-mathieu-monot-conseil-dinstallation\/\">Lire la suite<\/a><\/p>\n","protected":false},"author":1,"featured_media":0,"comment_status":"open","ping_status":"open","sticky":false,"template":"","format":"standard","meta":{"footnotes":""},"categories":[1],"tags":[],"class_list":["post-566","post","type-post","status-publish","format-standard","hentry","category-non-classe"],"_links":{"self":[{"href":"https:\/\/osezpantin.fr\/index.php\/wp-json\/wp\/v2\/posts\/566","targetHints":{"allow":["GET"]}}],"collection":[{"href":"https:\/\/osezpantin.fr\/index.php\/wp-json\/wp\/v2\/posts"}],"about":[{"href":"https:\/\/osezpantin.fr\/index.php\/wp-json\/wp\/v2\/types\/post"}],"author":[{"embeddable":true,"href":"https:\/\/osezpantin.fr\/index.php\/wp-json\/wp\/v2\/users\/1"}],"replies":[{"embeddable":true,"href":"https:\/\/osezpantin.fr\/index.php\/wp-json\/wp\/v2\/comments?post=566"}],"version-history":[{"count":1,"href":"https:\/\/osezpantin.fr\/index.php\/wp-json\/wp\/v2\/posts\/566\/revisions"}],"predecessor-version":[{"id":567,"href":"https:\/\/osezpantin.fr\/index.php\/wp-json\/wp\/v2\/posts\/566\/revisions\/567"}],"wp:attachment":[{"href":"https:\/\/osezpantin.fr\/index.php\/wp-json\/wp\/v2\/media?parent=566"}],"wp:term":[{"taxonomy":"category","embeddable":true,"href":"https:\/\/osezpantin.fr\/index.php\/wp-json\/wp\/v2\/categories?post=566"},{"taxonomy":"post_tag","embeddable":true,"href":"https:\/\/osezpantin.fr\/index.php\/wp-json\/wp\/v2\/tags?post=566"}],"curies":[{"name":"wp","href":"https:\/\/api.w.org\/{rel}","templated":true}]}}