{"id":561,"date":"2026-02-27T17:29:59","date_gmt":"2026-02-27T16:29:59","guid":{"rendered":"https:\/\/osezpantin.fr\/?p=561"},"modified":"2026-02-27T17:29:59","modified_gmt":"2026-02-27T16:29:59","slug":"oser-le-grand-paris-pour-pantin","status":"publish","type":"post","link":"https:\/\/osezpantin.fr\/index.php\/oser-le-grand-paris-pour-pantin\/","title":{"rendered":"Oser le Grand Paris pour Pantin"},"content":{"rendered":"\n<p>Pantin vit \u00e0 l\u2019\u00e9chelle de la m\u00e9tropole.<\/p>\n\n\n\n<p class=\"has-text-align-justify has-text-align-justify\">Chaque jour, nos trajectoires traversent les fronti\u00e8res communales : pour travailler, \u00e9tudier, nous soigner, cr\u00e9er, entreprendre. Le Grand Paris n\u2019est pas un p\u00e9rim\u00e8tre administratif, c\u2019est un espace de vie, de mobilit\u00e9s, d\u2019opportunit\u00e9s &#8211; et parfois d\u2019in\u00e9galit\u00e9s.<\/p>\n\n\n\n<p class=\"has-text-align-justify has-text-align-justify\">Aux c\u00f4t\u00e9s d\u2019autres candidat\u00b7es de gauche et \u00e9cologistes, nous prenons 11 engagements pour faire du Grand Paris un levier de justice territoriale, de transition \u00e9cologique et de solidarit\u00e9 :<\/p>\n\n\n\n<ul class=\"wp-block-list\">\n<li>Assumer enfin un r\u00e9\u00e9quilibrage de l\u2019effort de construction de logements, afin que chaque territoire prenne sa part et que le droit de vivre ici ne soit plus une tension permanente.<\/li>\n\n\n\n<li>Transformer les m\u00e8tres carr\u00e9s vacants en logements utiles, plut\u00f4t que d\u2019artificialiser davantage les sols.<\/li>\n\n\n\n<li>Acc\u00e9l\u00e9rer les coop\u00e9rations en mati\u00e8re de transports, pour fluidifier les liaisons entre nos quartiers, nos villes et nos bassins d\u2019emploi.<\/li>\n\n\n\n<li>Investir prioritairement l\u00e0 o\u00f9 les besoins sociaux et urbains sont les plus forts, notamment dans les quartiers populaires et en renouvellement urbain.<\/li>\n\n\n\n<li>Porter une \u00e9cologie populaire, qui am\u00e9liore la qualit\u00e9 de l\u2019air, ma\u00eetrise les charges et d\u00e9veloppe les \u00e9nergies renouvelables locales.<\/li>\n\n\n\n<li>Renforcer les continuit\u00e9s vertes autour des canaux et des grands parcs, pour que la nature circule autant que les habitant\u00b7es.<\/li>\n\n\n\n<li>Mettre en r\u00e9seau les \u00e9quipements culturels, sportifs et de sant\u00e9, afin que chaque Pantinois\u00b7e acc\u00e8de pleinement aux ressources m\u00e9tropolitaines.<\/li>\n\n\n\n<li>Soutenir les fili\u00e8res de production locale, de r\u00e9emploi et d\u2019\u00e9conomie sociale et solidaire, d\u00e9j\u00e0 dynamiques sur notre territoire.<\/li>\n<\/ul>\n\n\n\n<p class=\"has-text-align-justify has-text-align-justify\">La Seine-Saint-Denis concentre des fragilit\u00e9s, mais aussi une \u00e9nergie cr\u00e9ative et sociale exceptionnelle. Elle doit \u00eatre reconnue, soutenue et consid\u00e9r\u00e9e \u00e0 la hauteur de ce qu\u2019elle apporte \u00e0 la m\u00e9tropole.<\/p>\n\n\n\n<p>Pantin prendra toute sa place dans cette dynamique.<br>Une ville populaire et exigeante.<br>Une ville qui coop\u00e8re.<br>Une ville qui fait entendre la voix de ses habitant\u00b7es.<\/p>\n\n\n\n<p class=\"has-text-align-justify has-text-align-justify\">Les 15 et 22 mars, nous osons porter cette ambition : un Grand Paris qui prot\u00e8ge, qui investit justement et qui pr\u00e9pare l\u2019avenir &#8211; avec Pantin, pleinement.<\/p>\n\n\n\n<p class=\"has-text-align-justify has-text-align-justify\">Nous vous invitons \u00e0 consulter le dossier de presse des 11 engagements des candidat\u00b7es de la gauche pour une m\u00e9tropole plus juste et plus respirable.<\/p>\n\n\n\n<div class=\"wp-block-buttons is-horizontal is-content-justification-center is-layout-flex wp-container-core-buttons-is-layout-499968f5 wp-block-buttons-is-layout-flex\">\n<div class=\"wp-block-button\"><a class=\"wp-block-button__link wp-element-button\" href=\"https:\/\/osezpantin.fr\/wp-content\/uploads\/2026\/02\/260225_DP_GRANDPARIS.pdf\">Lire le dossier de presse<\/a><\/div>\n<\/div>\n","protected":false},"excerpt":{"rendered":"<p>Pantin vit \u00e0 l\u2019\u00e9chelle de la m\u00e9tropole. Chaque jour, nos trajectoires traversent les fronti\u00e8res communales : pour travailler, \u00e9tudier, nous soigner, cr\u00e9er, entreprendre. Le Grand Paris n\u2019est pas un p\u00e9rim\u00e8tre&#8230; <a href=\"https:\/\/osezpantin.fr\/index.php\/oser-le-grand-paris-pour-pantin\/\">Lire la suite<\/a><\/p>\n","protected":false},"author":1,"featured_media":562,"comment_status":"open","ping_status":"open","sticky":false,"template":"","format":"standard","meta":{"footnotes":""},"categories":[1],"tags":[],"class_list":["post-561","post","type-post","status-publish","format-standard","has-post-thumbnail","hentry","category-non-classe"],"_links":{"self":[{"href":"https:\/\/osezpantin.fr\/index.php\/wp-json\/wp\/v2\/posts\/561","targetHints":{"allow":["GET"]}}],"collection":[{"href":"https:\/\/osezpantin.fr\/index.php\/wp-json\/wp\/v2\/posts"}],"about":[{"href":"https:\/\/osezpantin.fr\/index.php\/wp-json\/wp\/v2\/types\/post"}],"author":[{"embeddable":true,"href":"https:\/\/osezpantin.fr\/index.php\/wp-json\/wp\/v2\/users\/1"}],"replies":[{"embeddable":true,"href":"https:\/\/osezpantin.fr\/index.php\/wp-json\/wp\/v2\/comments?post=561"}],"version-history":[{"count":1,"href":"https:\/\/osezpantin.fr\/index.php\/wp-json\/wp\/v2\/posts\/561\/revisions"}],"predecessor-version":[{"id":563,"href":"https:\/\/osezpantin.fr\/index.php\/wp-json\/wp\/v2\/posts\/561\/revisions\/563"}],"wp:featuredmedia":[{"embeddable":true,"href":"https:\/\/osezpantin.fr\/index.php\/wp-json\/wp\/v2\/media\/562"}],"wp:attachment":[{"href":"https:\/\/osezpantin.fr\/index.php\/wp-json\/wp\/v2\/media?parent=561"}],"wp:term":[{"taxonomy":"category","embeddable":true,"href":"https:\/\/osezpantin.fr\/index.php\/wp-json\/wp\/v2\/categories?post=561"},{"taxonomy":"post_tag","embeddable":true,"href":"https:\/\/osezpantin.fr\/index.php\/wp-json\/wp\/v2\/tags?post=561"}],"curies":[{"name":"wp","href":"https:\/\/api.w.org\/{rel}","templated":true}]}}