{"id":359,"date":"2026-01-30T23:51:03","date_gmt":"2026-01-30T22:51:03","guid":{"rendered":"https:\/\/osezpantin.fr\/?p=359"},"modified":"2026-01-30T23:51:03","modified_gmt":"2026-01-30T22:51:03","slug":"incendies-criminels-a-proximite-de-pantin-lurgence-de-proteger-dheberger-et-de-rendre-justice","status":"publish","type":"post","link":"https:\/\/osezpantin.fr\/index.php\/incendies-criminels-a-proximite-de-pantin-lurgence-de-proteger-dheberger-et-de-rendre-justice\/","title":{"rendered":"Incendies criminels \u00e0 proximit\u00e9 de Pantin : l\u2019urgence de prot\u00e9ger, d\u2019h\u00e9berger et de rendre justice"},"content":{"rendered":"\n<p class=\"has-text-align-center\"><strong>Osez Pantin &#8211; Collectif politique et citoyen<\/strong><\/p>\n\n\n\n<p class=\"has-text-align-center\"><strong>Incendies criminels \u00e0 proximit\u00e9 de Pantin : l\u2019urgence de prot\u00e9ger, d\u2019h\u00e9berger et de rendre justice<\/strong><\/p>\n\n\n\n<p class=\"has-text-align-justify has-text-align-justify\"><strong>Les incendies successifs survenus les 18-19 janvier puis les 27-28 janvier 2026 sur le campement Delphine Seyrig, dans le 19\u1d49 arrondissement de Paris, constituent des faits d\u2019une gravit\u00e9 extr\u00eame. <\/strong>Plusieurs personnes exil\u00e9es ont \u00e9t\u00e9 bless\u00e9es, dont l\u2019une tr\u00e8s gravement br\u00fbl\u00e9e, encore hospitalis\u00e9e aujourd\u2019hui.<\/p>\n\n\n\n<p class=\"has-text-align-justify has-text-align-justify\">Ces incendies, dont de nombreux t\u00e9moignages concordants et \u00e9l\u00e9ments mat\u00e9riels laissent penser qu\u2019ils pourraient \u00eatre criminels, ne peuvent \u00eatre trait\u00e9s comme de simples faits divers. Ils s\u2019inscrivent dans une s\u00e9rie d\u2019agressions visant des lieux de (sur)vie n\u00e9cessairement spontan\u00e9s, dans un contexte de grande pr\u00e9carit\u00e9, d\u2019abandon institutionnel et de banalisation des discours de rejet.<\/p>\n\n\n\n<p class=\"has-text-align-justify has-text-align-justify\">Situ\u00e9 \u00e0 proximit\u00e9 imm\u00e9diate du canal de l\u2019Ourcq, \u00e0 la fronti\u00e8re entre Paris et Pantin, ce campement rappelle une r\u00e9alit\u00e9 trop souvent ignor\u00e9e : <strong>la mis\u00e8re, la violence et l\u2019indignit\u00e9 ne s\u2019arr\u00eatent pas aux limites administratives.<\/strong> Lorsqu\u2019un campement est laiss\u00e9 sans solution, sans protection et sans mise \u00e0 l\u2019abri, la carence de l\u2019action publique engage directement la responsabilit\u00e9 des autorit\u00e9s comp\u00e9tentes. Les risques sanitaires, environnementaux et humains concernent \u00e0 la fois les personnes qui y survivent et les riverain\u00b7es.<\/p>\n\n\n\n<p class=\"has-text-align-justify has-text-align-justify\"><strong>\u00c0 Pantin, nous refusons cette logique de non-assistance organis\u00e9e. <\/strong>Nous refusons que l\u2019on attende des bless\u00e9\u00b7es graves, voire des morts, pour agir. Nous refusons que des enfants, des femmes et des hommes soient contraints de survivre dans des conditions indignes, expos\u00e9s aux violences, aux incendies et aux intoxications, au c\u0153ur de la m\u00e9tropole.<\/p>\n\n\n\n<p class=\"has-text-align-justify has-text-align-justify\"><strong>La dignit\u00e9 humaine n\u2019est ni une option, ni une variable d\u2019ajustement budg\u00e9taire. <\/strong>Elle constitue un principe fondamental du droit et un imp\u00e9ratif de justice sociale, au c\u0153ur du projet politique que nous portons pour la ville.<\/p>\n\n\n\n<p>Osez Pantin appelle solennellement les autorit\u00e9s comp\u00e9tentes \u00e0 :<\/p>\n\n\n\n<ul class=\"wp-block-list\">\n<li>proc\u00e9der sans d\u00e9lai \u00e0 la mise \u00e0 l\u2019abri durable et inconditionnelle de l\u2019ensemble des personnes vivant sur le campement Delphine Seyrig, conform\u00e9ment aux obligations l\u00e9gales de l\u2019\u00c9tat ;<\/li>\n\n\n\n<li>garantir leur s\u00e9curit\u00e9, leur acc\u00e8s effectif aux droits et \u00e0 un accompagnement digne ;<\/li>\n\n\n\n<li>faire toute la lumi\u00e8re sur ces incendies, identifier et poursuivre les auteurs de ces actes criminels.<br><br><\/li>\n<\/ul>\n\n\n\n<p class=\"has-text-align-justify has-text-align-justify\">Dans ce cadre, notre t\u00eate de liste, Mathieu Monot, conseiller d\u00e9partemental du canton de Pantin et du Pr\u00e9 Saint-Gervais, saisit officiellement le Pr\u00e9fet de Paris et le Pr\u00e9fet de la Seine-Saint-Denis, afin que l\u2019\u00c9tat assume pleinement ses responsabilit\u00e9s.<\/p>\n\n\n\n<p class=\"has-text-align-justify has-text-align-justify\">Parce qu\u2019une ville solidaire ne d\u00e9tourne pas le regard.<br>Parce que la justice sociale commence par la protection de toutes les vies humaines.<\/p>\n\n\n\n<p class=\"has-text-align-justify has-text-align-justify\">Osez Pantin<br>Collectif politique et citoyen<\/p>\n","protected":false},"excerpt":{"rendered":"<p>Osez Pantin &#8211; Collectif politique et citoyen Incendies criminels \u00e0 proximit\u00e9 de Pantin : l\u2019urgence de prot\u00e9ger, d\u2019h\u00e9berger et de rendre justice Les incendies successifs survenus les 18-19 janvier puis&#8230; <a href=\"https:\/\/osezpantin.fr\/index.php\/incendies-criminels-a-proximite-de-pantin-lurgence-de-proteger-dheberger-et-de-rendre-justice\/\">Lire la suite<\/a><\/p>\n","protected":false},"author":1,"featured_media":360,"comment_status":"open","ping_status":"open","sticky":false,"template":"","format":"standard","meta":{"footnotes":""},"categories":[1],"tags":[],"class_list":["post-359","post","type-post","status-publish","format-standard","has-post-thumbnail","hentry","category-non-classe"],"_links":{"self":[{"href":"https:\/\/osezpantin.fr\/index.php\/wp-json\/wp\/v2\/posts\/359","targetHints":{"allow":["GET"]}}],"collection":[{"href":"https:\/\/osezpantin.fr\/index.php\/wp-json\/wp\/v2\/posts"}],"about":[{"href":"https:\/\/osezpantin.fr\/index.php\/wp-json\/wp\/v2\/types\/post"}],"author":[{"embeddable":true,"href":"https:\/\/osezpantin.fr\/index.php\/wp-json\/wp\/v2\/users\/1"}],"replies":[{"embeddable":true,"href":"https:\/\/osezpantin.fr\/index.php\/wp-json\/wp\/v2\/comments?post=359"}],"version-history":[{"count":1,"href":"https:\/\/osezpantin.fr\/index.php\/wp-json\/wp\/v2\/posts\/359\/revisions"}],"predecessor-version":[{"id":361,"href":"https:\/\/osezpantin.fr\/index.php\/wp-json\/wp\/v2\/posts\/359\/revisions\/361"}],"wp:featuredmedia":[{"embeddable":true,"href":"https:\/\/osezpantin.fr\/index.php\/wp-json\/wp\/v2\/media\/360"}],"wp:attachment":[{"href":"https:\/\/osezpantin.fr\/index.php\/wp-json\/wp\/v2\/media?parent=359"}],"wp:term":[{"taxonomy":"category","embeddable":true,"href":"https:\/\/osezpantin.fr\/index.php\/wp-json\/wp\/v2\/categories?post=359"},{"taxonomy":"post_tag","embeddable":true,"href":"https:\/\/osezpantin.fr\/index.php\/wp-json\/wp\/v2\/tags?post=359"}],"curies":[{"name":"wp","href":"https:\/\/api.w.org\/{rel}","templated":true}]}}