{"id":329,"date":"2026-01-14T18:44:00","date_gmt":"2026-01-14T17:44:00","guid":{"rendered":"https:\/\/osezpantin.fr\/?p=329"},"modified":"2026-01-26T21:48:44","modified_gmt":"2026-01-26T20:48:44","slug":"droits-de-lenfant-nous-proposons-qua-lissue-des-elections-de-mars-chaque-executif-municipal-cree-une-delegation","status":"publish","type":"post","link":"https:\/\/osezpantin.fr\/index.php\/droits-de-lenfant-nous-proposons-qua-lissue-des-elections-de-mars-chaque-executif-municipal-cree-une-delegation\/","title":{"rendered":"Droits de l\u2019enfant : \u00ab Nous proposons qu\u2019\u00e0 l\u2019issue des \u00e9lections de mars, chaque ex\u00e9cutif municipal cr\u00e9e une d\u00e9l\u00e9gation \u00bb"},"content":{"rendered":"\n<p class=\"has-text-align-justify has-text-align-justify\"><em>Aux c\u00f4t\u00e9s d\u2019Adeline Hazan, pr\u00e9sidente de l\u2019UNICEF, d\u2019Anne-Charlotte Rossi, pr\u00e9sidente de la F\u00e9d\u00e9ration des conseils des parents d\u2019\u00e9leves, de Lyes Louffok, militant pour les droits des enfants, de nombreux responsables associatifs, et d\u2019experts qualifi\u00e9s, <strong>je suis l<\/strong><\/em><strong><em>\u2019un des premiers signataires de cette tribune initi\u00e9e par Francesca Pasquini, ancienne d\u00e9put\u00e9e d\u2019Europe \u00c9cologie Les Verts, pour la cr\u00e9ation d\u2019une d\u00e9l\u00e9gation aux droits de l\u2019enfant dans chaque mairie.<\/em><\/strong><\/p>\n\n\n\n<p class=\"has-text-align-justify has-text-align-justify\"><strong>Droits de l<\/strong><strong>\u2019<\/strong><strong>enfant : \u00ab Nous proposons qu\u2019\u00e0 l<\/strong><strong>\u2019<\/strong><strong>issue des \u00e9lections de mars, chaque ex\u00e9cutif municipal cr\u00e9e une d\u00e9l\u00e9gation <\/strong><strong>\u00bb<\/strong> &#8211; Le Monde, lundi 12 janvier 2026.<\/p>\n\n\n\n<p class=\"has-text-align-justify has-text-align-justify\"><strong>Quatorze millions d<\/strong><strong>\u2019<\/strong><strong>enfants vivent en France \u2013 pr<\/strong><strong>\u00e8<\/strong><strong>s d<\/strong><strong>\u2019<\/strong><strong>un habitant<\/strong><strong> sur six. <\/strong>Ils respirent le m\u00eame air pollu\u00e9, subissent la m\u00eame crise du logement, les m\u00eames canicules et les m\u00eames tensions sociales que les adultes. Pourtant, leur voix reste quasi absente l\u00e0 o\u00f9 se d\u00e9cide une grande partie de leur vie quotidienne : les mairies.<\/p>\n\n\n\n<p class=\"has-text-align-justify has-text-align-justify\"><strong>Dans la plupart des ex\u00e9cutifs municipaux, les droits des enfants sont dissous dans des d\u00e9l\u00e9gations \u00ab \u00e9ducation <\/strong><strong>\u00bb<\/strong><strong>, \u00ab jeunesse <\/strong><strong>\u00bb <\/strong><strong>ou<\/strong><strong> <\/strong><strong>\u00ab affaires scolaires <\/strong><strong>\u00bb<\/strong><strong>.<\/strong> Utile, mais insuffisant : on continue \u00e0 penser les enfants comme \u00ab des citoyens de demain \u00bb plut\u00f4t que comme des sujets de droit \u2013 droit \u00e0 \u00eatre prot\u00e9g\u00e9s des violences, droit \u00e0 un logement digne, droit \u00e0 une alimentation saine, droit \u00e0 une libre conscience, droit \u00e0 jouer, \u00e0 se soigner, \u00e0 participer aux d\u00e9cisions qui les concernent, comme la Convention internationale des droits de l\u2019enfant le rappelle. Cela autorise aussi une forme d\u2019\u00ab adultisme \u00bb institutionnel :<strong> on d\u00e9cide pour eux, on parle \u00e0 leur place, on pense la ville \u00e0 hauteur de voiture plus qu\u2019\u00e0 hauteur d<\/strong><strong>\u2019<\/strong><strong>enfant.<\/strong><strong><\/strong><\/p>\n\n\n\n<p class=\"has-text-align-justify has-text-align-justify\"><strong>Or, les signaux d<\/strong><strong>\u2019<\/strong><strong>alerte s<\/strong><strong>\u2019<\/strong><strong>accumulent. <\/strong>Des scandales de violences sexuelles \u00e9clatent, entre autres, dans l\u2019animation p\u00e9riscolaire, r\u00e9v\u00e9lant des failles dans le recrutement, la formation et le suivi des encadrants. Des collectifs de parents et de professionnels d\u00e9noncent les violences dites \u00ab \u00e9ducatives ordinaires \u00bb, l\u2019ins\u00e9curit\u00e9 dans certains accueils, l\u2019absence de r\u00e9ponses structur\u00e9es. Des rapports publics rappellent la r\u00e9alit\u00e9 des enfants \u00e0 la rue, des familles coinc\u00e9es dans des logements indignes, des files d\u2019attente interminables pour acc\u00e9der \u00e0 un p\u00e9dopsychiatre. Dans le m\u00eame temps, la pauvret\u00e9 infantile progresse et les in\u00e9galit\u00e9s d\u2019acc\u00e8s aux loisirs, au sport, \u00e0 la culture, \u00e0 l\u2019espace public, \u00e0 la nature s\u2019aggravent.<\/p>\n\n\n\n<p class=\"has-text-align-justify has-text-align-justify\"><strong>A l<\/strong><strong>\u2019<\/strong><strong>approche des \u00e9lections municipales de mars 2026, les diagnostics convergent : la commune est un acteur \u00e9ducatif \u00e0 part enti<\/strong><strong>\u00e8re.<\/strong> Mais un maillon manque encore : une d\u00e9l\u00e9gation politique explicite aux droits des enfants dans chaque conseil municipal. Nous proposons une mesure simple, lisible et transpartisane : qu\u2019\u00e0 l\u2019issue des \u00e9lections de mars, chaque ex\u00e9cutif municipal cr\u00e9e une d\u00e9l\u00e9gation aux droits des enfants. <strong>Sa mission : garantir que, dans toutes les politiques locales, les d\u00e9cisions soient relues \u00e0 la lumi<\/strong><strong>\u00e8<\/strong><strong>re de la Convention internationale des droits de l<\/strong><strong>\u2019<\/strong><strong>enfant.<\/strong> Elle pourrait \u00eatre le <strong>moteur de plusieurs chantiers structurants.<\/strong><strong><\/strong><\/p>\n\n\n\n<p class=\"has-text-align-justify has-text-align-justify\"><strong>Le premier serait de rompre les in\u00e9galit\u00e9s de naissance en consid\u00e9rant chaque enfant comme un administr\u00e9 \u00e0 part enti<\/strong><strong>\u00e8re. <\/strong>A cette fin, des diagnostics locaux associant \u00e9coles, associations, services sociaux et familles pourraient \u00eatre effectu\u00e9s. Un suivi des situations de grande pr\u00e9carit\u00e9 devrait \u00eatre mis en place, ainsi qu\u2019une articulation avec les politiques de logement et de lutte contre la pauvret\u00e9.<\/p>\n\n\n\n<p class=\"has-text-align-justify has-text-align-justify\"><strong>Le deuxi<\/strong><strong>\u00e8<\/strong><strong>me viserait \u00e0 de faire reculer les violences <\/strong>(sexuelles, physiques, psychologiques, intra-familiales, num\u00e9riques, \u00e9ducatives ordinaires, n\u00e9gligences, harc\u00e8lement), en coordonnant la pr\u00e9vention-formation syst\u00e9matique des professionnels et des \u00e9lus au rep\u00e9rage et au traitement des violences, la transparence des recrutements en p\u00e9riscolaire, les protocoles clairs en cas de signalement, la tra\u00e7abilit\u00e9 des suites et le soutien aux familles.<\/p>\n\n\n\n<p class=\"has-text-align-justify has-text-align-justify\"><strong>Le troisi<\/strong><strong>\u00e8<\/strong><strong>me s<\/strong><strong>\u2019<\/strong><strong>appliquerait \u00e0 donner du poids \u00e0 la parole des enfants, en renfor\u00e7ant les conseils municipaux d<\/strong><strong>\u2019<\/strong><strong>enfants et de jeunes<\/strong> \u2013 les r\u00e9seaux d\u2019\u00e9ducation populaire montrent qu\u2019ils peuvent devenir des espaces o\u00f9 les jeunes formulent des propositions concr\u00e8tes pour leur cadre de vie (logement, mobilit\u00e9s, espaces publics, loisirs, climat, sant\u00e9 mentale).<\/p>\n\n\n\n<p class=\"has-text-align-justify has-text-align-justify\"><strong>Le quatri<\/strong><strong>\u00e8<\/strong><strong>me aurait pour finalit\u00e9 de mettre la sant\u00e9 <\/strong><strong>globale au<\/strong><strong> coeur des villes et des villages<\/strong> \u2013 une d\u00e9l\u00e9gation aux droits des enfants peut relier \u00e9ducation dehors, r\u00e9novation des b\u00e2timents scolaires (isolation, \u00eelots de fra\u00eecheur, v\u00e9g\u00e9talisation), qualit\u00e9 des repas (respect de la loi EGalim), acc\u00e8s aux acteurs et structures de sant\u00e9 de l\u2019enfant et aux dispositifs de soutien psychologique.<\/p>\n\n\n\n<p class=\"has-text-align-justify has-text-align-justify\"><strong>Enfin, le cinqui<\/strong><strong>\u00e8<\/strong><strong>me serait de penser les villes et les villages \u00e0 hauteur d<\/strong><strong>\u2019<\/strong><strong>enfant<\/strong> \u2013 s\u00e9curiser les abords des \u00e9coles, d\u00e9velopper les mobilit\u00e9s douces, redistribuer l\u2019espace public au profit du jeu et des rencontres, soutenir des dispositifs comme la classe dehors et les \u00ab rues aux enfants \u00bb, qui rendent concr\u00e8te l\u2019id\u00e9e d\u2019une ville respirable, d\u2019une appropriation de l\u2019espace par tous et toutes, et pas seulement par les voitures ou par les plus forts.<\/p>\n\n\n\n<p class=\"has-text-align-justify has-text-align-justify\"><strong>Rapport annuel communal<\/strong><strong><\/strong><\/p>\n\n\n\n<p class=\"has-text-align-justify has-text-align-justify\"><strong>Une telle d\u00e9l\u00e9gation offrirait un visage, une responsabilit\u00e9 politique clairement assign\u00e9e. Les parents sauraient \u00e0 qui s<\/strong><strong>\u2019<\/strong><strong>adresser. <\/strong>Les associations, les collectifs de jeunes, les professionnels de l\u2019enfance auraient un interlocuteur identifi\u00e9 pour porter des alertes et des propositions. Comme il existe d\u00e9j\u00e0, dans de nombreuses communes, un rapport annuel sur l\u2019\u00e9galit\u00e9 femmes-hommes ou sur le d\u00e9veloppement durable, <strong>elle pourrait piloter un rapport annuel sur les droits des enfants dans la commune, d\u00e9battu au conseil municipal et partag\u00e9 avec les familles.<\/strong><strong><\/strong><\/p>\n\n\n\n<p class=\"has-text-align-justify has-text-align-justify\"><strong>En 2026, chaque liste candidate pourra promettre plus de s\u00e9curit\u00e9, de nature, de sport, de culture. <\/strong>Nous proposons qu\u2019elle r\u00e9ponde d\u2019abord \u00e0 une question simple : <strong>qui, dans votre futur ex\u00e9cutif municipal, portera explicitement la responsabilit\u00e9 politique des droits des enfants ?<\/strong><strong><\/strong><\/p>\n\n\n\n<p class=\"has-text-align-justify has-text-align-justify\">Cr\u00e9er une d\u00e9l\u00e9gation aux droits des enfants, c\u2019est reconna\u00eetre que la commune se donne pour mandat de prot\u00e9ger, d\u2019\u00e9couter et d\u2019\u00e9manciper celles et ceux qui en sont le coeur le plus vuln\u00e9rable et le plus d\u00e9cisif : les enfants. <strong>Cr<\/strong><strong>\u00e9er une d\u00e9l\u00e9gation aux droits des enfants dans chaque mairie, c<\/strong><strong>\u2019<\/strong><strong>est faire un choix clair : celui de regarder les villes et les villages avec leurs yeux, d<\/strong><strong>\u2019<\/strong><strong>orienter nos investissements, nos arbitrages, nos renoncements et nos priorit\u00e9s \u00e0 leur hauteur.<\/strong><\/p>\n","protected":false},"excerpt":{"rendered":"<p>Aux c\u00f4t\u00e9s d\u2019Adeline Hazan, pr\u00e9sidente de l\u2019UNICEF, d\u2019Anne-Charlotte Rossi, pr\u00e9sidente de la F\u00e9d\u00e9ration des conseils des parents d\u2019\u00e9leves, de Lyes Louffok, militant pour les droits des enfants, de nombreux responsables&#8230; <a href=\"https:\/\/osezpantin.fr\/index.php\/droits-de-lenfant-nous-proposons-qua-lissue-des-elections-de-mars-chaque-executif-municipal-cree-une-delegation\/\">Lire la suite<\/a><\/p>\n","protected":false},"author":1,"featured_media":330,"comment_status":"open","ping_status":"open","sticky":false,"template":"","format":"standard","meta":{"footnotes":""},"categories":[4],"tags":[],"class_list":["post-329","post","type-post","status-publish","format-standard","has-post-thumbnail","hentry","category-enfance"],"_links":{"self":[{"href":"https:\/\/osezpantin.fr\/index.php\/wp-json\/wp\/v2\/posts\/329","targetHints":{"allow":["GET"]}}],"collection":[{"href":"https:\/\/osezpantin.fr\/index.php\/wp-json\/wp\/v2\/posts"}],"about":[{"href":"https:\/\/osezpantin.fr\/index.php\/wp-json\/wp\/v2\/types\/post"}],"author":[{"embeddable":true,"href":"https:\/\/osezpantin.fr\/index.php\/wp-json\/wp\/v2\/users\/1"}],"replies":[{"embeddable":true,"href":"https:\/\/osezpantin.fr\/index.php\/wp-json\/wp\/v2\/comments?post=329"}],"version-history":[{"count":2,"href":"https:\/\/osezpantin.fr\/index.php\/wp-json\/wp\/v2\/posts\/329\/revisions"}],"predecessor-version":[{"id":332,"href":"https:\/\/osezpantin.fr\/index.php\/wp-json\/wp\/v2\/posts\/329\/revisions\/332"}],"wp:featuredmedia":[{"embeddable":true,"href":"https:\/\/osezpantin.fr\/index.php\/wp-json\/wp\/v2\/media\/330"}],"wp:attachment":[{"href":"https:\/\/osezpantin.fr\/index.php\/wp-json\/wp\/v2\/media?parent=329"}],"wp:term":[{"taxonomy":"category","embeddable":true,"href":"https:\/\/osezpantin.fr\/index.php\/wp-json\/wp\/v2\/categories?post=329"},{"taxonomy":"post_tag","embeddable":true,"href":"https:\/\/osezpantin.fr\/index.php\/wp-json\/wp\/v2\/tags?post=329"}],"curies":[{"name":"wp","href":"https:\/\/api.w.org\/{rel}","templated":true}]}}