{"id":233,"date":"2025-12-18T11:26:00","date_gmt":"2025-12-18T10:26:00","guid":{"rendered":"http:\/\/91.134.80.97\/?p=233"},"modified":"2026-01-09T00:40:11","modified_gmt":"2026-01-08T23:40:11","slug":"le-pcf-et-lapres-rejoignent-la-demarche-osez-pantin","status":"publish","type":"post","link":"https:\/\/osezpantin.fr\/index.php\/le-pcf-et-lapres-rejoignent-la-demarche-osez-pantin\/","title":{"rendered":"LE PCF ET L\u2019APR\u00c8S REJOIGNENT LA D\u00c9MARCHE OSEZ PANTIN"},"content":{"rendered":"\n<p><\/p>\n\n\n\n<p class=\"has-text-align-justify has-text-align-justify\"><strong>Osez Pantin se r\u00e9jouit d\u2019annoncer que le Parti communiste fran\u00e7ais et le mouvement l\u2019Apr\u00e8s rejoignent la d\u00e9marche que nous portons depuis plusieurs mois.<\/strong> Avec le PS, le PCF, l\u2019Apr\u00e8s et de nombreux acteurs engag\u00e9s de la ville, un v\u00e9ritable p\u00f4le de rassemblement de la gauche se constitue \u00e0 Pantin. C\u2019est une bonne nouvelle pour la ville, pour ses habitantes et ses habitants, et pour toutes celles et tous ceux qui ont besoin de la gauche.<\/p>\n\n\n\n<p class=\"has-text-align-justify has-text-align-justify\">Ensemble, nous affirmons qu\u2019une autre mani\u00e8re de faire de la politique municipale est possible : plus collective, plus lisible, plus fid\u00e8le aux aspirations sociales, \u00e9cologiques et d\u00e9mocratiques qui s\u2019expriment \u00e0 Pantin.<\/p>\n\n\n\n<p class=\"has-text-align-justify has-text-align-justify\"><strong>Pour Mathieu Monot, t\u00eate de liste, <em>\u00ab Ce rassemblement est une immense satisfaction et un moment historique. Imaginez que socialistes et communistes n\u2019ont pas abord\u00e9 ensemble une \u00e9lection municipale depuis 1995 dans notre ville !<\/em><\/strong><em> <\/em> <em>C\u2019est quelque part la fin d\u2019une \u00e8re &#8211; celle des gauches irr\u00e9conciliables \u00e0 Pantin &#8211; et le d\u00e9but d\u2019une nouvelle d\u00e9marche. Nous allons b\u00e2tir un nouveau projet pour la ville, en assumant ce qu\u2019il y a eu de meilleur dans l\u2019histoire de la gauche pantinoise et en engageant des ruptures indispensables. Continuit\u00e9 des valeurs &#8211; solidarit\u00e9, services publics forts, droit \u00e0 la ville pour toutes et tous &#8211; et rupture dans les pratiques : dans la fa\u00e7on de d\u00e9cider, d\u2019associer les habitantes et habitants, de faire face aux urgences \u00e9ducatives, sociales et climatiques. C\u2019est cette articulation entre h\u00e9ritage et audace, qui peut redonner du souffle et du sens \u00e0 l\u2019action municipale. \u00bb<\/em><\/p>\n\n\n\n<p class=\"has-text-align-justify has-text-align-justify\">Ensemble, nous faisons la d\u00e9monstration qu\u2019<strong>\u00e0 Pantin aussi,<\/strong> <strong>la gauche peut se rassembler, parler d\u2019une voix forte, et proposer une alternative cr\u00e9dible et souhaitable \u00e0 celles et ceux qui refusent la r\u00e9signation et le repli.<\/strong><\/p>\n\n\n\n<p class=\"has-text-align-justify has-text-align-justify\"><strong>Ce qui s\u2019invente ici s\u2019inscrit, \u00e0 sa mesure, dans une dynamique plus large : ce sont les pr\u00e9mices d\u2019un laboratoire politique, capable de donner demain \u00e0 la gauche l\u2019\u00e9lan et les moyens de gagner \u00e0 l\u2019\u00e9chelle nationale.<\/strong><\/p>\n\n\n\n<p class=\"has-text-align-justify has-text-align-justify\">\u00c0 Pantin, ce p\u00f4le de rassemblement trace une premi\u00e8re ligne &#8211; \u00e0 nous de la prolonger. Nous voulons construire ce projet avec toutes les forces qui ont l\u2019unit\u00e9 au c\u0153ur : partis, collectifs, associations, habitantes et habitants.<\/p>\n\n\n\n<p class=\"has-text-align-justify has-text-align-justify\"><strong>\u00c0 Pantin comme \u00e0 gauche, personne n\u2019est de trop pour imaginer la suite. Convergeons !<\/strong><\/p>\n","protected":false},"excerpt":{"rendered":"<p>Osez Pantin se r\u00e9jouit d\u2019annoncer que le Parti communiste fran\u00e7ais et le mouvement l\u2019Apr\u00e8s rejoignent la d\u00e9marche que nous portons depuis plusieurs mois. Avec le PS, le PCF, l\u2019Apr\u00e8s et&#8230; <a href=\"https:\/\/osezpantin.fr\/index.php\/le-pcf-et-lapres-rejoignent-la-demarche-osez-pantin\/\">Lire la suite<\/a><\/p>\n","protected":false},"author":1,"featured_media":239,"comment_status":"open","ping_status":"open","sticky":false,"template":"","format":"standard","meta":{"footnotes":""},"categories":[3],"tags":[],"class_list":["post-233","post","type-post","status-publish","format-standard","has-post-thumbnail","hentry","category-politique"],"_links":{"self":[{"href":"https:\/\/osezpantin.fr\/index.php\/wp-json\/wp\/v2\/posts\/233","targetHints":{"allow":["GET"]}}],"collection":[{"href":"https:\/\/osezpantin.fr\/index.php\/wp-json\/wp\/v2\/posts"}],"about":[{"href":"https:\/\/osezpantin.fr\/index.php\/wp-json\/wp\/v2\/types\/post"}],"author":[{"embeddable":true,"href":"https:\/\/osezpantin.fr\/index.php\/wp-json\/wp\/v2\/users\/1"}],"replies":[{"embeddable":true,"href":"https:\/\/osezpantin.fr\/index.php\/wp-json\/wp\/v2\/comments?post=233"}],"version-history":[{"count":4,"href":"https:\/\/osezpantin.fr\/index.php\/wp-json\/wp\/v2\/posts\/233\/revisions"}],"predecessor-version":[{"id":242,"href":"https:\/\/osezpantin.fr\/index.php\/wp-json\/wp\/v2\/posts\/233\/revisions\/242"}],"wp:featuredmedia":[{"embeddable":true,"href":"https:\/\/osezpantin.fr\/index.php\/wp-json\/wp\/v2\/media\/239"}],"wp:attachment":[{"href":"https:\/\/osezpantin.fr\/index.php\/wp-json\/wp\/v2\/media?parent=233"}],"wp:term":[{"taxonomy":"category","embeddable":true,"href":"https:\/\/osezpantin.fr\/index.php\/wp-json\/wp\/v2\/categories?post=233"},{"taxonomy":"post_tag","embeddable":true,"href":"https:\/\/osezpantin.fr\/index.php\/wp-json\/wp\/v2\/tags?post=233"}],"curies":[{"name":"wp","href":"https:\/\/api.w.org\/{rel}","templated":true}]}}