{"id":228,"date":"2025-12-12T10:53:00","date_gmt":"2025-12-12T09:53:00","guid":{"rendered":"http:\/\/91.134.80.97\/?p=228"},"modified":"2026-01-09T00:39:12","modified_gmt":"2026-01-08T23:39:12","slug":"convergences","status":"publish","type":"post","link":"https:\/\/osezpantin.fr\/index.php\/convergences\/","title":{"rendered":"Convergences"},"content":{"rendered":"\n<p class=\"has-text-align-justify has-text-align-justify\">La pr\u00e9sidentielle de 2027 ne sera pas un \u00e9pisode de plus dans notre vie politique. Elle dira si ce pays accepte de se laisser glisser sur la pente ultra-lib\u00e9rale vers l\u2019extr\u00eame droite, ou s\u2019il choisit une autre voie : celle d\u2019une gauche capable de prot\u00e9ger, de partager, d\u2019\u00e9manciper.&nbsp;<\/p>\n\n\n\n<p class=\"has-text-align-justify has-text-align-justify\">NUPES avant\u2011hier, NFP hier\u2026 Les formes de cette union restent \u00e0 inventer, ses contours \u00e0 consolider, mais l\u2019ambition de rassembler les partis de gauche doit, elle, demeurer intacte.<\/p>\n\n\n\n<p class=\"has-text-align-justify has-text-align-justify\">Dans ce moment, chaque geste compte. Chaque vote, chaque prise de parole, chaque silence aussi. Le d\u00e9bat sur le budget de la S\u00e9curit\u00e9 sociale en a \u00e9t\u00e9 une illustration brutale.<\/p>\n\n\n\n<p class=\"has-text-align-justify has-text-align-justify\">Gr\u00e2ce \u00e0 la mobilisation de plusieurs groupes parlementaires de gauche, des dispositions parmi les plus indignes ont \u00e9t\u00e9 retir\u00e9es ou corrig\u00e9es : le doublement des franchises m\u00e9dicales, le gel des retraites, la taxation des tickets-restaurant, l\u2019imposition des apprentis ont \u00e9t\u00e9 \u00e9cart\u00e9s, et le d\u00e9calage de la r\u00e9forme des retraites a \u00e9t\u00e9 adopt\u00e9. Chacun sait ce que cela repr\u00e9sente, tr\u00e8s concr\u00e8tement, pour des millions de personnes qui n\u2019avaient plus rien \u00e0 serrer d\u2019autre que leur ceinture.<\/p>\n\n\n\n<p class=\"has-text-align-justify has-text-align-justify\">Mais \u00e9tait-ce suffisant pour approuver ce texte ? \u00c9tait-ce trop peu ? Les arguments fleurissent et chacun devrait trouver l\u00e9gitime que des parlementaires de gauche puissent prendre des d\u00e9cisions diff\u00e9rentes.&nbsp;<\/p>\n\n\n\n<p class=\"has-text-align-justify has-text-align-justify\">L\u00e0 o\u00f9 nous devrions nous \u00e9couter, nous dressons des listes, jetons des anath\u00e8mes. \u00c0 force, nous finirons par d\u00e9courager celles et ceux qui croient encore en la gauche, et par abandonner celles et ceux qui ont besoin d\u2019elle.<\/p>\n\n\n\n<p class=\"has-text-align-justify has-text-align-justify\">Notre responsabilit\u00e9 est de sortir de cette impasse.<\/p>\n\n\n\n<p class=\"has-text-align-justify has-text-align-justify\">Les \u00e9lections municipales qui viennent ne sont pas un contretemps dans cette histoire : elles en font partie. Elles diront si, dans nos villes, la gauche est capable de faire ce qu\u2019elle promet au pays tout entier : se rassembler sans se renier, gouverner sans renoncer \u00e0 ses exigences sociales et \u00e9cologiques.<\/p>\n\n\n\n<p class=\"has-text-align-justify has-text-align-justify\">Pantin, ville monde o\u00f9 l\u2019on vient de partout, ne peut pas se contenter d\u2019\u00eatre un d\u00e9cor. Elle doit \u00eatre une ville refuge pour celles et ceux que la vie ab\u00eeme, et une ville qui prend clairement position sur les choix de soci\u00e9t\u00e9 que nous voulons assumer : le droit \u00e0 la ville pour toutes et tous, le refus des rel\u00e9gations, la d\u00e9fense des services publics, la lutte contre les discriminations, la transition \u00e9cologique comme horizon concret et partag\u00e9.<\/p>\n\n\n\n<p class=\"has-text-align-justify has-text-align-justify\">Dans le temps de cette \u00e9lection, notre responsabilit\u00e9, comme socialistes, est simple : chercher les voix et les moyens du rassemblement avec toute la gauche qui veut b\u00e2tir, construire et s\u2019unir. Affirmer nos convictions, mais refuser de laisser nos divergences se transformer en fractures. Proposer un principe de convergence qui permette \u00e0 Pantin de rester ce qu\u2019elle doit \u00eatre : une ville populaire, ouverte, qui prot\u00e8ge et \u00e9mancipe.<\/p>\n\n\n\n<p class=\"has-text-align-justify has-text-align-justify\">Nous n\u2019avons pas le luxe de l\u2019habitude ni celui des querelles sans issue. 2027 se pr\u00e9pare aussi ici. Dans la mani\u00e8re dont nous parlerons entre nous, dont nous \u00e9couterons nos diff\u00e9rences, dont nous serons capables de proposer aux Pantinoises et aux Pantinois une gauche qui ne se contente pas de commenter l\u2019histoire, mais qui accepte d\u2019en prendre sa part.<\/p>\n\n\n\n<p class=\"has-text-align-justify has-text-align-justify\">C\u2019est pourquoi, alors que d\u00e9bute la campagne \u00e9lectorale, nous travaillons \u00e0 ce qu\u2019autour des partis politiques de gauche, la volont\u00e9 de b\u00e2tir et de prot\u00e9ger se rassemble, d\u00e8s le 1er tour ou \u00e0 d\u00e9faut au 2\u00e8me, dans la clart\u00e9 vis-\u00e0-vis de nos concitoyens.<\/p>\n\n\n\n<p class=\"has-text-align-justify has-text-align-justify\">Alors, convergeons ?<\/p>\n","protected":false},"excerpt":{"rendered":"<p>La pr\u00e9sidentielle de 2027 ne sera pas un \u00e9pisode de plus dans notre vie politique. Elle dira si ce pays accepte de se laisser glisser sur la pente ultra-lib\u00e9rale vers&#8230; <a href=\"https:\/\/osezpantin.fr\/index.php\/convergences\/\">Lire la suite<\/a><\/p>\n","protected":false},"author":1,"featured_media":229,"comment_status":"open","ping_status":"open","sticky":false,"template":"","format":"standard","meta":{"footnotes":""},"categories":[3],"tags":[],"class_list":["post-228","post","type-post","status-publish","format-standard","has-post-thumbnail","hentry","category-politique"],"_links":{"self":[{"href":"https:\/\/osezpantin.fr\/index.php\/wp-json\/wp\/v2\/posts\/228","targetHints":{"allow":["GET"]}}],"collection":[{"href":"https:\/\/osezpantin.fr\/index.php\/wp-json\/wp\/v2\/posts"}],"about":[{"href":"https:\/\/osezpantin.fr\/index.php\/wp-json\/wp\/v2\/types\/post"}],"author":[{"embeddable":true,"href":"https:\/\/osezpantin.fr\/index.php\/wp-json\/wp\/v2\/users\/1"}],"replies":[{"embeddable":true,"href":"https:\/\/osezpantin.fr\/index.php\/wp-json\/wp\/v2\/comments?post=228"}],"version-history":[{"count":2,"href":"https:\/\/osezpantin.fr\/index.php\/wp-json\/wp\/v2\/posts\/228\/revisions"}],"predecessor-version":[{"id":243,"href":"https:\/\/osezpantin.fr\/index.php\/wp-json\/wp\/v2\/posts\/228\/revisions\/243"}],"wp:featuredmedia":[{"embeddable":true,"href":"https:\/\/osezpantin.fr\/index.php\/wp-json\/wp\/v2\/media\/229"}],"wp:attachment":[{"href":"https:\/\/osezpantin.fr\/index.php\/wp-json\/wp\/v2\/media?parent=228"}],"wp:term":[{"taxonomy":"category","embeddable":true,"href":"https:\/\/osezpantin.fr\/index.php\/wp-json\/wp\/v2\/categories?post=228"},{"taxonomy":"post_tag","embeddable":true,"href":"https:\/\/osezpantin.fr\/index.php\/wp-json\/wp\/v2\/tags?post=228"}],"curies":[{"name":"wp","href":"https:\/\/api.w.org\/{rel}","templated":true}]}}